{"id":2893,"date":"2021-05-07T12:14:00","date_gmt":"2021-05-07T12:14:00","guid":{"rendered":"http:\/\/jaegerverein-safien.ch\/?p=2893"},"modified":"2021-05-20T12:20:27","modified_gmt":"2021-05-20T12:20:27","slug":"nein-zur-bedrohung-von-wald-wild-jagd","status":"publish","type":"post","link":"http:\/\/jaegerverein-safien.ch\/?p=2893","title":{"rendered":"NEIN zur Bedrohung von Wald, Wild &#038; Jagd"},"content":{"rendered":"\n<p><strong>NEIN ZUR INITIATIVE \u00abF\u00dcR EINE NATURVERTR\u00c4GLICHE UND ETHISCHE JAGD\u00bb<\/strong> A<strong>bstimmung vom 13. Juni 2021<\/strong><\/p>\n\n\n\n<p>Am 13. Juni 2021 stimmen wir \u00fcber die Volksinitiative \u00abf\u00fcr eine naturvertr\u00e4gliche und ethische Jagd\u00bb ab. Der Name der Initiative ist irref\u00fchrend, denn es wird damit gezielt versucht, die Anerkennung und Wertsch\u00e4tzung der Jagd in der Bev\u00f6lkerung zu schw\u00e4chen. Sie schw\u00e4cht aber nicht nur die Jagd, sondern auch den Tierschutz, Land und Wald und die Biodiversit\u00e4t.\u00a0Die Initiative ist ausserdem \u00fcberholt und zielt in eine falsche Richtung. Die Initiative unterstellt der heutigen Jagd, dass sie umweltsch\u00e4digend und barbarisch sei. Das ist schlichtweg falsch. Die heutige B\u00fcndner Jagd entspricht hohen \u00f6kologischen, wildbiologischen, tiersch\u00fctzerischen und sozio\u00f6konomischen Anforderungen.<\/p>\n\n\n\n<p><strong>Die Initiative\u00a0\u00abf\u00fcr eine naturvertr\u00e4gliche und ethische Jagd\u00bb\u00a0schw\u00e4cht den Tierschutz, den Wald, die Biodiversit\u00e4t und die Jagd. Darum ein klares NEIN am 13. Juni!<\/strong><\/p>\n\n\n\n<figure class=\"wp-block-image size-medium\"><img loading=\"lazy\" decoding=\"async\" width=\"300\" height=\"99\" src=\"http:\/\/jaegerverein-safien.ch\/wp-content\/uploads\/2021\/05\/Jagd_NEIN-Kampagne_Webheader_0-1-300x99.png\" alt=\"\" class=\"wp-image-2894\" srcset=\"http:\/\/jaegerverein-safien.ch\/wp-content\/uploads\/2021\/05\/Jagd_NEIN-Kampagne_Webheader_0-1-300x99.png 300w, http:\/\/jaegerverein-safien.ch\/wp-content\/uploads\/2021\/05\/Jagd_NEIN-Kampagne_Webheader_0-1-1024x337.png 1024w, http:\/\/jaegerverein-safien.ch\/wp-content\/uploads\/2021\/05\/Jagd_NEIN-Kampagne_Webheader_0-1-768x252.png 768w, http:\/\/jaegerverein-safien.ch\/wp-content\/uploads\/2021\/05\/Jagd_NEIN-Kampagne_Webheader_0-1-1536x505.png 1536w, http:\/\/jaegerverein-safien.ch\/wp-content\/uploads\/2021\/05\/Jagd_NEIN-Kampagne_Webheader_0-1.png 1920w\" sizes=\"auto, (max-width: 300px) 100vw, 300px\" \/><\/figure>\n\n\n\n<p><\/p>\n","protected":false},"excerpt":{"rendered":"<p>NEIN ZUR INITIATIVE \u00abF\u00dcR EINE NATURVERTR\u00c4GLICHE UND ETHISCHE JAGD\u00bb Abstimmung vom 13. Juni 2021 Am 13. Juni 2021 stimmen wir \u00fcber die Volksinitiative \u00abf\u00fcr eine naturvertr\u00e4gliche und ethische Jagd\u00bb ab. Der Name der Initiative ist irref\u00fchrend, denn es wird damit gezielt versucht, die Anerkennung und Wertsch\u00e4tzung der Jagd in der Bev\u00f6lkerung zu schw\u00e4chen. Sie schw\u00e4cht &hellip; <\/p>\n<p class=\"link-more\"><a href=\"http:\/\/jaegerverein-safien.ch\/?p=2893\" class=\"more-link\"><span class=\"screen-reader-text\">\u201eNEIN zur Bedrohung von Wald, Wild &#038; Jagd\u201c<\/span> weiterlesen<\/a><\/p>\n","protected":false},"author":2,"featured_media":0,"comment_status":"closed","ping_status":"closed","sticky":false,"template":"","format":"standard","meta":{"footnotes":""},"categories":[1],"tags":[],"class_list":["post-2893","post","type-post","status-publish","format-standard","hentry","category-uncategorized"],"_links":{"self":[{"href":"http:\/\/jaegerverein-safien.ch\/index.php?rest_route=\/wp\/v2\/posts\/2893","targetHints":{"allow":["GET"]}}],"collection":[{"href":"http:\/\/jaegerverein-safien.ch\/index.php?rest_route=\/wp\/v2\/posts"}],"about":[{"href":"http:\/\/jaegerverein-safien.ch\/index.php?rest_route=\/wp\/v2\/types\/post"}],"author":[{"embeddable":true,"href":"http:\/\/jaegerverein-safien.ch\/index.php?rest_route=\/wp\/v2\/users\/2"}],"replies":[{"embeddable":true,"href":"http:\/\/jaegerverein-safien.ch\/index.php?rest_route=%2Fwp%2Fv2%2Fcomments&post=2893"}],"version-history":[{"count":2,"href":"http:\/\/jaegerverein-safien.ch\/index.php?rest_route=\/wp\/v2\/posts\/2893\/revisions"}],"predecessor-version":[{"id":2910,"href":"http:\/\/jaegerverein-safien.ch\/index.php?rest_route=\/wp\/v2\/posts\/2893\/revisions\/2910"}],"wp:attachment":[{"href":"http:\/\/jaegerverein-safien.ch\/index.php?rest_route=%2Fwp%2Fv2%2Fmedia&parent=2893"}],"wp:term":[{"taxonomy":"category","embeddable":true,"href":"http:\/\/jaegerverein-safien.ch\/index.php?rest_route=%2Fwp%2Fv2%2Fcategories&post=2893"},{"taxonomy":"post_tag","embeddable":true,"href":"http:\/\/jaegerverein-safien.ch\/index.php?rest_route=%2Fwp%2Fv2%2Ftags&post=2893"}],"curies":[{"name":"wp","href":"https:\/\/api.w.org\/{rel}","templated":true}]}}