{"id":2900,"date":"2021-05-20T12:27:18","date_gmt":"2021-05-20T12:27:18","guid":{"rendered":"http:\/\/jaegerverein-safien.ch\/?p=2900"},"modified":"2021-05-20T12:27:18","modified_gmt":"2021-05-20T12:27:18","slug":"absage-familienabend","status":"publish","type":"post","link":"http:\/\/jaegerverein-safien.ch\/?p=2900","title":{"rendered":"Absage Familienabend"},"content":{"rendered":"\n<p>Der Vorstand hat entschieden, den Familientag 2021 wegen den weiterhin geltenden Restriktionen bei Vereinsanl\u00e4ssen leider abzusagen, was wir sehr bedauern. Aufgrund der erschwerten Planung \u00fcber die Sommermonate verzichten wir auf einen Ersatztermin und freuen uns sehr auf das n\u00e4chste Jahr und entsprechend einen tollen Familienabend, bei welchem es einiges nachzuholen gibt.<\/p>\n\n\n\n<p>Wir hoffen stattdessen auf rege Teilnahme an den Hegetagen, denn dort wird auch stets die gemeinsame Zeit nach der Arbeit genossen. Ebenso heissen wir alle Mitglieder jeden Donnerstag auf dem Jagdschiessstand Islabord herzlich willkommen.<\/p>\n","protected":false},"excerpt":{"rendered":"<p>Der Vorstand hat entschieden, den Familientag 2021 wegen den weiterhin geltenden Restriktionen bei Vereinsanl\u00e4ssen leider abzusagen, was wir sehr bedauern. Aufgrund der erschwerten Planung \u00fcber die Sommermonate verzichten wir auf einen Ersatztermin und freuen uns sehr auf das n\u00e4chste Jahr und entsprechend einen tollen Familienabend, bei welchem es einiges nachzuholen gibt. Wir hoffen stattdessen auf &hellip; <\/p>\n<p class=\"link-more\"><a href=\"http:\/\/jaegerverein-safien.ch\/?p=2900\" class=\"more-link\"><span class=\"screen-reader-text\">\u201eAbsage Familienabend\u201c<\/span> weiterlesen<\/a><\/p>\n","protected":false},"author":2,"featured_media":0,"comment_status":"closed","ping_status":"closed","sticky":false,"template":"","format":"standard","meta":{"footnotes":""},"categories":[1],"tags":[],"class_list":["post-2900","post","type-post","status-publish","format-standard","hentry","category-uncategorized"],"_links":{"self":[{"href":"http:\/\/jaegerverein-safien.ch\/index.php?rest_route=\/wp\/v2\/posts\/2900","targetHints":{"allow":["GET"]}}],"collection":[{"href":"http:\/\/jaegerverein-safien.ch\/index.php?rest_route=\/wp\/v2\/posts"}],"about":[{"href":"http:\/\/jaegerverein-safien.ch\/index.php?rest_route=\/wp\/v2\/types\/post"}],"author":[{"embeddable":true,"href":"http:\/\/jaegerverein-safien.ch\/index.php?rest_route=\/wp\/v2\/users\/2"}],"replies":[{"embeddable":true,"href":"http:\/\/jaegerverein-safien.ch\/index.php?rest_route=%2Fwp%2Fv2%2Fcomments&post=2900"}],"version-history":[{"count":1,"href":"http:\/\/jaegerverein-safien.ch\/index.php?rest_route=\/wp\/v2\/posts\/2900\/revisions"}],"predecessor-version":[{"id":2901,"href":"http:\/\/jaegerverein-safien.ch\/index.php?rest_route=\/wp\/v2\/posts\/2900\/revisions\/2901"}],"wp:attachment":[{"href":"http:\/\/jaegerverein-safien.ch\/index.php?rest_route=%2Fwp%2Fv2%2Fmedia&parent=2900"}],"wp:term":[{"taxonomy":"category","embeddable":true,"href":"http:\/\/jaegerverein-safien.ch\/index.php?rest_route=%2Fwp%2Fv2%2Fcategories&post=2900"},{"taxonomy":"post_tag","embeddable":true,"href":"http:\/\/jaegerverein-safien.ch\/index.php?rest_route=%2Fwp%2Fv2%2Ftags&post=2900"}],"curies":[{"name":"wp","href":"https:\/\/api.w.org\/{rel}","templated":true}]}}