{"id":2915,"date":"2021-06-14T09:18:01","date_gmt":"2021-06-14T09:18:01","guid":{"rendered":"http:\/\/jaegerverein-safien.ch\/?p=2915"},"modified":"2021-07-26T07:48:12","modified_gmt":"2021-07-26T07:48:12","slug":"hegetag-haefali-2021","status":"publish","type":"post","link":"http:\/\/jaegerverein-safien.ch\/?p=2915","title":{"rendered":"Hegetage H\u00e4fali &#038; Salp\u00e4nna 2021"},"content":{"rendered":"\n<p>Vielen Dank an alle Helfer f\u00fcr die tollen Hegetage im H\u00e4fali und Salp\u00e4nna! So macht hegen Spass! Weitere Fotos findet Ihr in der Bildergallerie.<\/p>\n\n\n\n<figure class=\"wp-block-gallery columns-2 is-cropped wp-block-gallery-1 is-layout-flex wp-block-gallery-is-layout-flex\"><ul class=\"blocks-gallery-grid\"><li class=\"blocks-gallery-item\"><figure><img loading=\"lazy\" decoding=\"async\" width=\"951\" height=\"728\" src=\"http:\/\/jaegerverein-safien.ch\/wp-content\/uploads\/2021\/06\/IMG_20210612_211253.jpg\" alt=\"\" data-id=\"2916\" class=\"wp-image-2916\" srcset=\"http:\/\/jaegerverein-safien.ch\/wp-content\/uploads\/2021\/06\/IMG_20210612_211253.jpg 951w, http:\/\/jaegerverein-safien.ch\/wp-content\/uploads\/2021\/06\/IMG_20210612_211253-300x230.jpg 300w, http:\/\/jaegerverein-safien.ch\/wp-content\/uploads\/2021\/06\/IMG_20210612_211253-768x588.jpg 768w\" sizes=\"auto, (max-width: 767px) 89vw, (max-width: 1000px) 54vw, (max-width: 1071px) 543px, 580px\" \/><\/figure><\/li><li class=\"blocks-gallery-item\"><figure><img loading=\"lazy\" decoding=\"async\" width=\"1024\" height=\"461\" src=\"http:\/\/jaegerverein-safien.ch\/wp-content\/uploads\/2021\/07\/IMG-20210724-WA0031-1-1024x461.jpg\" alt=\"\" data-id=\"2984\" data-full-url=\"http:\/\/jaegerverein-safien.ch\/wp-content\/uploads\/2021\/07\/IMG-20210724-WA0031-1.jpg\" data-link=\"http:\/\/jaegerverein-safien.ch\/?attachment_id=2984\" class=\"wp-image-2984\" srcset=\"http:\/\/jaegerverein-safien.ch\/wp-content\/uploads\/2021\/07\/IMG-20210724-WA0031-1-1024x461.jpg 1024w, http:\/\/jaegerverein-safien.ch\/wp-content\/uploads\/2021\/07\/IMG-20210724-WA0031-1-300x135.jpg 300w, http:\/\/jaegerverein-safien.ch\/wp-content\/uploads\/2021\/07\/IMG-20210724-WA0031-1-768x346.jpg 768w, http:\/\/jaegerverein-safien.ch\/wp-content\/uploads\/2021\/07\/IMG-20210724-WA0031-1-1536x692.jpg 1536w, http:\/\/jaegerverein-safien.ch\/wp-content\/uploads\/2021\/07\/IMG-20210724-WA0031-1.jpg 2016w\" sizes=\"auto, (max-width: 767px) 89vw, (max-width: 1000px) 54vw, (max-width: 1071px) 543px, 580px\" \/><\/figure><\/li><\/ul><\/figure>\n","protected":false},"excerpt":{"rendered":"<p>Vielen Dank an alle Helfer f\u00fcr die tollen Hegetage im H\u00e4fali und Salp\u00e4nna! So macht hegen Spass! Weitere Fotos findet Ihr in der Bildergallerie.<\/p>\n","protected":false},"author":2,"featured_media":0,"comment_status":"closed","ping_status":"closed","sticky":false,"template":"","format":"standard","meta":{"footnotes":""},"categories":[1],"tags":[],"class_list":["post-2915","post","type-post","status-publish","format-standard","hentry","category-uncategorized"],"_links":{"self":[{"href":"http:\/\/jaegerverein-safien.ch\/index.php?rest_route=\/wp\/v2\/posts\/2915","targetHints":{"allow":["GET"]}}],"collection":[{"href":"http:\/\/jaegerverein-safien.ch\/index.php?rest_route=\/wp\/v2\/posts"}],"about":[{"href":"http:\/\/jaegerverein-safien.ch\/index.php?rest_route=\/wp\/v2\/types\/post"}],"author":[{"embeddable":true,"href":"http:\/\/jaegerverein-safien.ch\/index.php?rest_route=\/wp\/v2\/users\/2"}],"replies":[{"embeddable":true,"href":"http:\/\/jaegerverein-safien.ch\/index.php?rest_route=%2Fwp%2Fv2%2Fcomments&post=2915"}],"version-history":[{"count":5,"href":"http:\/\/jaegerverein-safien.ch\/index.php?rest_route=\/wp\/v2\/posts\/2915\/revisions"}],"predecessor-version":[{"id":2986,"href":"http:\/\/jaegerverein-safien.ch\/index.php?rest_route=\/wp\/v2\/posts\/2915\/revisions\/2986"}],"wp:attachment":[{"href":"http:\/\/jaegerverein-safien.ch\/index.php?rest_route=%2Fwp%2Fv2%2Fmedia&parent=2915"}],"wp:term":[{"taxonomy":"category","embeddable":true,"href":"http:\/\/jaegerverein-safien.ch\/index.php?rest_route=%2Fwp%2Fv2%2Fcategories&post=2915"},{"taxonomy":"post_tag","embeddable":true,"href":"http:\/\/jaegerverein-safien.ch\/index.php?rest_route=%2Fwp%2Fv2%2Ftags&post=2915"}],"curies":[{"name":"wp","href":"https:\/\/api.w.org\/{rel}","templated":true}]}}