{"id":3682,"date":"2023-03-15T15:57:37","date_gmt":"2023-03-15T15:57:37","guid":{"rendered":"http:\/\/jaegerverein-safien.ch\/?p=3682"},"modified":"2023-03-15T15:57:37","modified_gmt":"2023-03-15T15:57:37","slug":"gv-2023","status":"publish","type":"post","link":"http:\/\/jaegerverein-safien.ch\/?p=3682","title":{"rendered":"GV 2023"},"content":{"rendered":"\n<p>Am Freitag, 31. M\u00e4rz 2023 findet die diesj\u00e4hrige GV im Rathaus Safien statt. Die Einladung mit den entsprechenden Unterlagen werden in K\u00fcrze zugestellt. <\/p>\n\n\n\n<p>Der Vorstand freut sich auf zahlreiches Erscheinen. <\/p>\n","protected":false},"excerpt":{"rendered":"<p>Am Freitag, 31. M\u00e4rz 2023 findet die diesj\u00e4hrige GV im Rathaus Safien statt. Die Einladung mit den entsprechenden Unterlagen werden in K\u00fcrze zugestellt. Der Vorstand freut sich auf zahlreiches Erscheinen.<\/p>\n","protected":false},"author":2,"featured_media":0,"comment_status":"closed","ping_status":"closed","sticky":false,"template":"","format":"standard","meta":{"footnotes":""},"categories":[1],"tags":[],"class_list":["post-3682","post","type-post","status-publish","format-standard","hentry","category-uncategorized"],"_links":{"self":[{"href":"http:\/\/jaegerverein-safien.ch\/index.php?rest_route=\/wp\/v2\/posts\/3682","targetHints":{"allow":["GET"]}}],"collection":[{"href":"http:\/\/jaegerverein-safien.ch\/index.php?rest_route=\/wp\/v2\/posts"}],"about":[{"href":"http:\/\/jaegerverein-safien.ch\/index.php?rest_route=\/wp\/v2\/types\/post"}],"author":[{"embeddable":true,"href":"http:\/\/jaegerverein-safien.ch\/index.php?rest_route=\/wp\/v2\/users\/2"}],"replies":[{"embeddable":true,"href":"http:\/\/jaegerverein-safien.ch\/index.php?rest_route=%2Fwp%2Fv2%2Fcomments&post=3682"}],"version-history":[{"count":1,"href":"http:\/\/jaegerverein-safien.ch\/index.php?rest_route=\/wp\/v2\/posts\/3682\/revisions"}],"predecessor-version":[{"id":3683,"href":"http:\/\/jaegerverein-safien.ch\/index.php?rest_route=\/wp\/v2\/posts\/3682\/revisions\/3683"}],"wp:attachment":[{"href":"http:\/\/jaegerverein-safien.ch\/index.php?rest_route=%2Fwp%2Fv2%2Fmedia&parent=3682"}],"wp:term":[{"taxonomy":"category","embeddable":true,"href":"http:\/\/jaegerverein-safien.ch\/index.php?rest_route=%2Fwp%2Fv2%2Fcategories&post=3682"},{"taxonomy":"post_tag","embeddable":true,"href":"http:\/\/jaegerverein-safien.ch\/index.php?rest_route=%2Fwp%2Fv2%2Ftags&post=3682"}],"curies":[{"name":"wp","href":"https:\/\/api.w.org\/{rel}","templated":true}]}}